{"id":409,"date":"2014-11-30T22:00:31","date_gmt":"2014-11-30T21:00:31","guid":{"rendered":"https:\/\/www.aendel.ch\/?p=409"},"modified":"2014-12-02T07:49:29","modified_gmt":"2014-12-02T06:49:29","slug":"trainings-wochenende-fiesch-29-und-30-november","status":"publish","type":"post","link":"https:\/\/www.aendel.ch\/index.php\/2014\/11\/30\/trainings-wochenende-fiesch-29-und-30-november\/","title":{"rendered":"Trainings Wochenende Fiesch 29. und 30. November"},"content":{"rendered":"<p>Am Samstag Morgen treffen in Fiesch rund 40 Sch\u00fcler der EnergieOase.ch zu einem gemeinsamen Trainingslager ein.<\/p>\n<p>Nachdem alle in einem Zimmer untergebracht sind, gehen wir dann in die Halle. Als erstes belegen wir den Boden mit Trainingsmatten.<\/p>\n<h2>Anf\u00e4ngergeist<\/h2>\n<p>Im ersten Trainingsblock testet Walter unser K\u00f6nnen. Als erste \u00dcbung steht Wu Sau und ein einfacher und gerader Punch an. Die \u00dcbung scheint einfach zu sein und ich habe das auch schon mehrmals gemacht. Ich weiss genau, auf was ich achten muss.<\/p>\n<p>Sp\u00e4ter stellt sich dann heraus, dass die Winkel am Ellbogen und Schulter doch nicht perfekt stimmen.<\/p>\n<p>Mit meinem Expertenwissen, habe ich mich blockiert und ich habe die \u00dcbung nicht mehr mit der Unbedachtheit eines Anf\u00e4ngers ausgef\u00fchrt. Zum Gl\u00fcck hat mich dann Walter wieder auf den Boden der Realit\u00e4t zur\u00fcck gef\u00fchrt.<\/p>\n<h2>Handtechnik, Wu Shu, Sanda, Schwert, Stock und Hellebarde<\/h2>\n<p>Neben viel Grundschule konnten wir auch unsere Formen \u00fcben. Manchmal teilte Walter die Gruppe auf. Dann durfte eine Gruppe mit Martin Waffen \u00fcben. So kam neben dem Schwert, dem Stock auch noch die Hellebarde zum Einsatz.<\/p>\n<p>Am Samstag Abend galt es dann f\u00fcr die Sandak\u00e4mpfer ernst. Nachdem die Hand- und Fusssch\u00fctze angezogen waren, kam es zum freundschaftlichen Schlagabtausch.<\/p>\n<h2>Abschied und Heimreise<\/h2>\n<p>Nach den intensiven und anstrengenden Trainings traten alle am Sonntag Nachmittag nach einem weiteren w\u00e4hrschaften Essen die Heimreise an.<\/p>\n","protected":false},"excerpt":{"rendered":"<p>Traininslager in Fiesch am letzten November Wochenende 2014 mit Formen, Waffen, Wu Shu und Sanda. <a href=\"https:\/\/www.aendel.ch\/index.php\/2014\/11\/30\/trainings-wochenende-fiesch-29-und-30-november\/\">Continue reading <span class=\"meta-nav\">&rarr;<\/span><\/a><\/p>\n","protected":false},"author":2,"featured_media":0,"comment_status":"open","ping_status":"open","sticky":false,"template":"","format":"standard","meta":{"footnotes":""},"categories":[7],"tags":[34,26,13,32,31],"class_list":["post-409","post","type-post","status-publish","format-standard","hentry","category-kung-fu","tag-kung-fu","tag-sanda","tag-training","tag-waffen","tag-wu-shu"],"_links":{"self":[{"href":"https:\/\/www.aendel.ch\/index.php\/wp-json\/wp\/v2\/posts\/409","targetHints":{"allow":["GET"]}}],"collection":[{"href":"https:\/\/www.aendel.ch\/index.php\/wp-json\/wp\/v2\/posts"}],"about":[{"href":"https:\/\/www.aendel.ch\/index.php\/wp-json\/wp\/v2\/types\/post"}],"author":[{"embeddable":true,"href":"https:\/\/www.aendel.ch\/index.php\/wp-json\/wp\/v2\/users\/2"}],"replies":[{"embeddable":true,"href":"https:\/\/www.aendel.ch\/index.php\/wp-json\/wp\/v2\/comments?post=409"}],"version-history":[{"count":2,"href":"https:\/\/www.aendel.ch\/index.php\/wp-json\/wp\/v2\/posts\/409\/revisions"}],"predecessor-version":[{"id":411,"href":"https:\/\/www.aendel.ch\/index.php\/wp-json\/wp\/v2\/posts\/409\/revisions\/411"}],"wp:attachment":[{"href":"https:\/\/www.aendel.ch\/index.php\/wp-json\/wp\/v2\/media?parent=409"}],"wp:term":[{"taxonomy":"category","embeddable":true,"href":"https:\/\/www.aendel.ch\/index.php\/wp-json\/wp\/v2\/categories?post=409"},{"taxonomy":"post_tag","embeddable":true,"href":"https:\/\/www.aendel.ch\/index.php\/wp-json\/wp\/v2\/tags?post=409"}],"curies":[{"name":"wp","href":"https:\/\/api.w.org\/{rel}","templated":true}]}}