{"id":493,"date":"2016-11-27T22:00:32","date_gmt":"2016-11-27T21:00:32","guid":{"rendered":"https:\/\/www.aendel.ch\/?p=493"},"modified":"2016-12-05T11:26:59","modified_gmt":"2016-12-05T10:26:59","slug":"trainingslager-saignelegier-2016","status":"publish","type":"post","link":"https:\/\/www.aendel.ch\/index.php\/2016\/11\/27\/trainingslager-saignelegier-2016\/","title":{"rendered":"Trainingslager Saignel\u00e9gier 2016"},"content":{"rendered":"<p>Zusammen mit vielen anderen Sch\u00fclern der EnergieOase.ch bin ich mit meiner Familie nach Saignel\u00e9gier gefahren. Nachdem wir unsere Taschen deponiert haben, helfen wir die Trainingshalle mit Matten auszulegen.<\/p>\n<p>Kurz nach Zehn startet Walter Borter unser Training. Als erstes machen wir Qi Gong. Anschliessend steht die Grundschule in der Agenda. Dabei erkl\u00e4rt Walter wie wichtig es ist konsequent zu trainieren. Schnell, schnell zwei, drei Techniken zu machen und dann wieder nur halbwegs zu \u00fcben, mag spektakul\u00e4r aussehen, bringt aber niemanden wirklich etwas.<\/p>\n<blockquote><p>\u00dcbe eine Bewegung konsequent immer wieder. W\u00e4hle eine Intensit\u00e4t, welche du \u00fcber l\u00e4ngere Zeit durchhalten kannst.<\/p>\n<p>\u00dcbe konsequent weiter, auch wenn dein Lehrer nicht mehr neben dir steht.<\/p><\/blockquote>\n<p>Nach dem Mittagessen und einer kurzen Siesta trainieren wir Wu Shu Elemente und mit den Waffen.<\/p>\n<p>Vor dem Nachtessen haben wir noch die M\u00f6glichkeit Baden zu gehen.<\/p>\n<p>In den letzten zwei Trainingsstunden am Samstag werden wir in drei Gruppen aufgeteilt: Sanda, Wu Shu und Pr\u00fcfungstraining.<\/p>\n<p>Ich bin in der Gruppe Sanda und darf wieder einmal die Fusssch\u00fctze und die Handschuhe anziehen. Cool ist auch, dass wieder neue Sanda-K\u00e4mpfer dabei sind.<\/p>\n<p>Nach einer erholsamen Nacht und einem st\u00e4rkenden Fr\u00fchst\u00fcck am Sonntag Morgen geht es wieder mit dem Training los.<\/p>\n<p>Nach runt zehn Stunden intensiven Trainings ist das Wochenende vor\u00fcber. Es ist immer wieder sch\u00f6n, zu beobachten, dass regelm\u00e4ssiges und intensives Training zu grossen Fortschritten f\u00fchren kann.<\/p>\n","protected":false},"excerpt":{"rendered":"<p>Zusammen mit vielen anderen Sch\u00fclern der EnergieOase.ch bin ich mit meiner Familie nach Saignel\u00e9gier gefahren. Nachdem wir unsere Taschen deponiert haben, helfen wir die Trainingshalle mit Matten auszulegen. Kurz nach Zehn startet Walter Borter unser Training. Als erstes machen wir &hellip; <a href=\"https:\/\/www.aendel.ch\/index.php\/2016\/11\/27\/trainingslager-saignelegier-2016\/\">Continue reading <span class=\"meta-nav\">&rarr;<\/span><\/a><\/p>\n","protected":false},"author":2,"featured_media":0,"comment_status":"open","ping_status":"open","sticky":false,"template":"","format":"standard","meta":{"footnotes":""},"categories":[7],"tags":[5,35,15,14,34,23,12,25,26,33,13,32,31],"class_list":["post-493","post","type-post","status-publish","format-standard","hentry","category-kung-fu","tag-chin-woo","tag-chinesische-philosphie","tag-energieoase-ch","tag-kampfkunst","tag-kung-fu","tag-lager","tag-qi-gong","tag-saignelegier","tag-sanda","tag-tai-chi","tag-training","tag-waffen","tag-wu-shu"],"_links":{"self":[{"href":"https:\/\/www.aendel.ch\/index.php\/wp-json\/wp\/v2\/posts\/493","targetHints":{"allow":["GET"]}}],"collection":[{"href":"https:\/\/www.aendel.ch\/index.php\/wp-json\/wp\/v2\/posts"}],"about":[{"href":"https:\/\/www.aendel.ch\/index.php\/wp-json\/wp\/v2\/types\/post"}],"author":[{"embeddable":true,"href":"https:\/\/www.aendel.ch\/index.php\/wp-json\/wp\/v2\/users\/2"}],"replies":[{"embeddable":true,"href":"https:\/\/www.aendel.ch\/index.php\/wp-json\/wp\/v2\/comments?post=493"}],"version-history":[{"count":1,"href":"https:\/\/www.aendel.ch\/index.php\/wp-json\/wp\/v2\/posts\/493\/revisions"}],"predecessor-version":[{"id":494,"href":"https:\/\/www.aendel.ch\/index.php\/wp-json\/wp\/v2\/posts\/493\/revisions\/494"}],"wp:attachment":[{"href":"https:\/\/www.aendel.ch\/index.php\/wp-json\/wp\/v2\/media?parent=493"}],"wp:term":[{"taxonomy":"category","embeddable":true,"href":"https:\/\/www.aendel.ch\/index.php\/wp-json\/wp\/v2\/categories?post=493"},{"taxonomy":"post_tag","embeddable":true,"href":"https:\/\/www.aendel.ch\/index.php\/wp-json\/wp\/v2\/tags?post=493"}],"curies":[{"name":"wp","href":"https:\/\/api.w.org\/{rel}","templated":true}]}}